{"id":351,"date":"2010-10-24T18:56:27","date_gmt":"2010-10-24T16:56:27","guid":{"rendered":"https:\/\/old.strelnicesmirice.cz\/?p=351"},"modified":"2010-10-24T18:58:23","modified_gmt":"2010-10-24T16:58:23","slug":"navrh-kalendare-na-rok-2011","status":"publish","type":"post","link":"https:\/\/strelnicesmirice.cz\/?p=351","title":{"rendered":"N\u00e1vrh kalend\u00e1\u0159e na rok 2011"},"content":{"rendered":"<p>Pro p\u0159\u00ed\u0161t\u00ed rok jsme n\u00e1vrh term\u00edn\u016f na\u0161eho kalend\u00e1\u0159e dop\u0159edu projednali se sousedn\u00edmi kluby v Hostinn\u00e9m a Vrchlab\u00ed, tak\u017ee se snad k\u0159\u00ed\u017een\u00ed term\u00edn\u016f nebude opakovat. Kalend\u00e1\u0159 obsahuje\u00a0 \u010dty\u0159i\u00a0 kola Smi\u0159ick\u00e9 st\u0159eleck\u00e9 sout\u011b\u017ee, t\u0159i z\u00e1vody VP 30+30, tradi\u010dn\u00ed Smi\u0159ick\u00fd poh\u00e1r a pro po\u0159adatelsk\u00e9 \u00fasp\u011bchy z minul\u00fdch let jsme vybr\u00e1n\u00ed k po\u0159\u00e1d\u00e1n\u00ed mistrovstv\u00ed \u010cR \u0161tafet. Kalend\u00e1\u0159 ke sta\u017een\u00ed je <a href=\"http:\/\/www.strelnicesmirice.cz\/wp-content\/uploads\/2010\/10\/Kalend\u00e1\u015920111.pdf\">zde<\/a>. Prozat\u00edm je to n\u00e1vrh, jeho ofici\u00e1ln\u00ed podoba bude schv\u00e1lena prosincovou \u010dlenskou sch\u016fz\u00ed.<\/p>\n<table style=\"height: 383px;\" border=\"0\" cellspacing=\"0\" width=\"640\" frame=\"VOID\" rules=\"NONE\">\n<colgroup>\n<col width=\"141\"><\/col>\n<col width=\"371\"><\/col>\n<\/colgroup>\n<tbody>\n<tr>\n<td width=\"141\" height=\"20\" align=\"LEFT\"><strong><span style=\"font-size: small;\"><br \/>\n<\/span><\/strong><\/td>\n<td width=\"371\" align=\"LEFT\"><span style=\"font-size: small;\"><br \/>\n<\/span><\/td>\n<\/tr>\n<tr>\n<td height=\"20\" align=\"LEFT\"><span style=\"font-size: small;\"><br \/>\n<\/span><\/td>\n<td align=\"LEFT\"><span style=\"font-size: small;\"><br \/>\n<\/span><\/td>\n<\/tr>\n<tr>\n<td height=\"20\" align=\"LEFT\" bgcolor=\"#e6e6e6\"><span style=\"font-size: small;\">Datum<\/span><\/td>\n<td align=\"LEFT\" bgcolor=\"#e6e6e6\"><span style=\"font-size: small;\">N\u00e1zev<\/span><\/td>\n<\/tr>\n<tr>\n<td height=\"20\" align=\"LEFT\"><span style=\"font-size: small;\">5. b\u0159ezna 2011<\/span><\/td>\n<td align=\"LEFT\"><span style=\"font-size: small;\">Prvn\u00edch jarn\u00edch 60 ran VPs VRs 30+30<\/span><\/td>\n<\/tr>\n<tr>\n<td height=\"20\" align=\"LEFT\"><span style=\"font-size: small;\">23. dubna 2011<\/span><\/td>\n<td align=\"LEFT\"><span style=\"font-size: small;\">1.kolo Smi\u0159ick\u00e9 st\u0159eleck\u00e9 sout\u011b\u017ee<\/span><\/td>\n<\/tr>\n<tr>\n<td height=\"20\" align=\"LEFT\"><span style=\"font-size: small;\">14. kv\u011btna 2011<\/span><\/td>\n<td align=\"LEFT\"><span style=\"font-size: small;\">2.kolo Smi\u0159ick\u00e9 st\u0159eleck\u00e9 sout\u011b\u017ee<\/span><\/td>\n<\/tr>\n<tr>\n<td height=\"20\" align=\"LEFT\"><strong><span style=\"font-size: small;\">21.kv\u011btna 2011<\/span><\/strong><\/td>\n<td align=\"LEFT\"><strong><span style=\"font-size: small;\">M\u010cR ve st\u0159eleck\u00fdch \u0161tafet\u00e1ch trojic <\/span><\/strong><\/td>\n<\/tr>\n<tr>\n<td height=\"20\" align=\"LEFT\"><span style=\"font-size: small;\">18.\u010dervna 2011<\/span><\/td>\n<td align=\"LEFT\"><span style=\"font-size: small;\">3.kolo Smi\u0159ick\u00e9 st\u0159eleck\u00e9 sout\u011b\u017ee<\/span><\/td>\n<\/tr>\n<tr>\n<td height=\"20\" align=\"LEFT\"><span style=\"font-size: small;\">9.\u010dervence 2011<\/span><\/td>\n<td align=\"LEFT\"><span style=\"font-size: small;\">Prost\u0159edn\u00edch letn\u00edch 60 ran VPs VRs 30+30<\/span><\/td>\n<\/tr>\n<tr>\n<td height=\"20\" align=\"LEFT\"><span style=\"font-size: small;\">3. z\u00e1\u0159\u00ed 2011<\/span><\/td>\n<td align=\"LEFT\"><span style=\"font-size: small;\">Smi\u0159ick\u00fd poh\u00e1r 2011<\/span><\/td>\n<\/tr>\n<tr>\n<td height=\"20\" align=\"LEFT\"><span style=\"font-size: small;\">15. \u0159\u00edjna 2011<\/span><\/td>\n<td align=\"LEFT\"><span style=\"font-size: small;\">4.kol Smi\u0159ick\u00e9 st\u0159eleck\u00e9 sout\u011b\u017ee<\/span><\/td>\n<\/tr>\n<tr>\n<td height=\"20\" align=\"LEFT\"><span style=\"font-size: small;\">19. listopadu 2011<\/span><\/td>\n<td align=\"LEFT\"><span style=\"font-size: small;\">Posledn\u00edch podzimn\u00edch 60 ran VPs VRs 30+30<\/span><\/td>\n<\/tr>\n<\/tbody>\n<\/table>\n","protected":false},"excerpt":{"rendered":"<p>Pro p\u0159\u00ed\u0161t\u00ed rok jsme n\u00e1vrh term\u00edn\u016f na\u0161eho kalend\u00e1\u0159e dop\u0159edu projednali se sousedn\u00edmi kluby v Hostinn\u00e9m a Vrchlab\u00ed, tak\u017ee se snad k\u0159\u00ed\u017een\u00ed term\u00edn\u016f nebude opakovat. Kalend\u00e1\u0159 obsahuje\u00a0 \u010dty\u0159i\u00a0 kola Smi\u0159ick\u00e9 st\u0159eleck\u00e9 sout\u011b\u017ee, t\u0159i z\u00e1vody VP 30+30, tradi\u010dn\u00ed Smi\u0159ick\u00fd poh\u00e1r a pro &hellip; <a href=\"https:\/\/strelnicesmirice.cz\/?p=351\">Cel\u00fd p\u0159\u00edsp\u011bvek <span class=\"meta-nav\">&rarr;<\/span><\/a><\/p>\n","protected":false},"author":1,"featured_media":0,"comment_status":"open","ping_status":"open","sticky":false,"template":"","format":"standard","meta":{"ngg_post_thumbnail":0,"footnotes":""},"categories":[1],"tags":[],"class_list":["post-351","post","type-post","status-publish","format-standard","hentry","category-uncategorized"],"_links":{"self":[{"href":"https:\/\/strelnicesmirice.cz\/index.php?rest_route=\/wp\/v2\/posts\/351","targetHints":{"allow":["GET"]}}],"collection":[{"href":"https:\/\/strelnicesmirice.cz\/index.php?rest_route=\/wp\/v2\/posts"}],"about":[{"href":"https:\/\/strelnicesmirice.cz\/index.php?rest_route=\/wp\/v2\/types\/post"}],"author":[{"embeddable":true,"href":"https:\/\/strelnicesmirice.cz\/index.php?rest_route=\/wp\/v2\/users\/1"}],"replies":[{"embeddable":true,"href":"https:\/\/strelnicesmirice.cz\/index.php?rest_route=%2Fwp%2Fv2%2Fcomments&post=351"}],"version-history":[{"count":3,"href":"https:\/\/strelnicesmirice.cz\/index.php?rest_route=\/wp\/v2\/posts\/351\/revisions"}],"predecessor-version":[{"id":356,"href":"https:\/\/strelnicesmirice.cz\/index.php?rest_route=\/wp\/v2\/posts\/351\/revisions\/356"}],"wp:attachment":[{"href":"https:\/\/strelnicesmirice.cz\/index.php?rest_route=%2Fwp%2Fv2%2Fmedia&parent=351"}],"wp:term":[{"taxonomy":"category","embeddable":true,"href":"https:\/\/strelnicesmirice.cz\/index.php?rest_route=%2Fwp%2Fv2%2Fcategories&post=351"},{"taxonomy":"post_tag","embeddable":true,"href":"https:\/\/strelnicesmirice.cz\/index.php?rest_route=%2Fwp%2Fv2%2Ftags&post=351"}],"curies":[{"name":"wp","href":"https:\/\/api.w.org\/{rel}","templated":true}]}}