{"id":381,"date":"2010-11-28T14:13:21","date_gmt":"2010-11-28T12:13:21","guid":{"rendered":"http:\/\/www.strelnicesmirice.cz\/?p=381"},"modified":"2010-11-28T14:14:27","modified_gmt":"2010-11-28T12:14:27","slug":"polabsky-pohar-2011","status":"publish","type":"post","link":"https:\/\/strelnicesmirice.cz\/?p=381","title":{"rendered":"Polabsk\u00fd poh\u00e1r 2011"},"content":{"rendered":"<p>P\u0159\u00ed\u0161t\u00ed st\u0159eleck\u00e1 sezona bude obohacena o dal\u0161\u00ed sout\u011b\u017e. Zrodila se z my\u0161lenky, \u017ee v na\u0161em regionu chyb\u00ed n\u011bco, co by ur\u010dilo nejlep\u0161\u00edho st\u0159elce sezony. Naj\u00edt n\u00e1zev sout\u011b\u017ee nebylo slo\u017eit\u00e9, proto\u017ee st\u0159elnice, na kter\u00fdch se prvn\u00ed ro\u010dn\u00edk bude odehr\u00e1vat, le\u017e\u00ed v t\u011bsn\u00e9m sousedstv\u00ed \u0159eky Labe &#8211; tak\u017ee Polabsk\u00fd poh\u00e1r. Na pravidlech pro jednotliv\u00e1 kola jsme se sjednotili tak\u00e9 bez probl\u00e9mu, proto\u017ee ty sou\u010dasn\u00e9 m\u00e1me skoro shodn\u00e9. Byl sestaven kalend\u00e1\u0159, kter\u00fd obsahuje 10 z\u00e1vod\u016f na st\u0159elnic\u00edch ve Vrchlab\u00ed, Hostinn\u00e9m a Smi\u0159ic\u00edch (po\u0159ad\u00ed jmenovan\u00fdch podle toku \u0159eky Labe). Ka\u017ed\u00fd st\u0159elec, kter\u00fd se z\u00fa\u010dastn\u00ed alespo\u0148 6 z\u00e1vod\u016f z tohoto kalend\u00e1\u0159e s podm\u00ednkou \u00fa\u010dasti na v\u0161ech t\u0159ech st\u0159elnic\u00edch, bude automaticky za\u0159azen do z\u00e1v\u011bre\u010dn\u00e9ho hodnocen\u00ed. Kalend\u00e1\u0159 a podrobn\u00e1 pravidla najdete <a href=\"http:\/\/www.strelnicesmirice.cz\/wp-content\/uploads\/2010\/11\/Polabsk\u00fd-poh\u00e1r2011.pdf\">zde<\/a>.<\/p>\n","protected":false},"excerpt":{"rendered":"<p>P\u0159\u00ed\u0161t\u00ed st\u0159eleck\u00e1 sezona bude obohacena o dal\u0161\u00ed sout\u011b\u017e. Zrodila se z my\u0161lenky, \u017ee v na\u0161em regionu chyb\u00ed n\u011bco, co by ur\u010dilo nejlep\u0161\u00edho st\u0159elce sezony. Naj\u00edt n\u00e1zev sout\u011b\u017ee nebylo slo\u017eit\u00e9, proto\u017ee st\u0159elnice, na kter\u00fdch se prvn\u00ed ro\u010dn\u00edk bude odehr\u00e1vat, le\u017e\u00ed v &hellip; <a href=\"https:\/\/strelnicesmirice.cz\/?p=381\">Cel\u00fd p\u0159\u00edsp\u011bvek <span class=\"meta-nav\">&rarr;<\/span><\/a><\/p>\n","protected":false},"author":1,"featured_media":0,"comment_status":"open","ping_status":"open","sticky":false,"template":"","format":"standard","meta":{"ngg_post_thumbnail":0,"footnotes":""},"categories":[1],"tags":[],"class_list":["post-381","post","type-post","status-publish","format-standard","hentry","category-uncategorized"],"_links":{"self":[{"href":"https:\/\/strelnicesmirice.cz\/index.php?rest_route=\/wp\/v2\/posts\/381","targetHints":{"allow":["GET"]}}],"collection":[{"href":"https:\/\/strelnicesmirice.cz\/index.php?rest_route=\/wp\/v2\/posts"}],"about":[{"href":"https:\/\/strelnicesmirice.cz\/index.php?rest_route=\/wp\/v2\/types\/post"}],"author":[{"embeddable":true,"href":"https:\/\/strelnicesmirice.cz\/index.php?rest_route=\/wp\/v2\/users\/1"}],"replies":[{"embeddable":true,"href":"https:\/\/strelnicesmirice.cz\/index.php?rest_route=%2Fwp%2Fv2%2Fcomments&post=381"}],"version-history":[{"count":2,"href":"https:\/\/strelnicesmirice.cz\/index.php?rest_route=\/wp\/v2\/posts\/381\/revisions"}],"predecessor-version":[{"id":384,"href":"https:\/\/strelnicesmirice.cz\/index.php?rest_route=\/wp\/v2\/posts\/381\/revisions\/384"}],"wp:attachment":[{"href":"https:\/\/strelnicesmirice.cz\/index.php?rest_route=%2Fwp%2Fv2%2Fmedia&parent=381"}],"wp:term":[{"taxonomy":"category","embeddable":true,"href":"https:\/\/strelnicesmirice.cz\/index.php?rest_route=%2Fwp%2Fv2%2Fcategories&post=381"},{"taxonomy":"post_tag","embeddable":true,"href":"https:\/\/strelnicesmirice.cz\/index.php?rest_route=%2Fwp%2Fv2%2Ftags&post=381"}],"curies":[{"name":"wp","href":"https:\/\/api.w.org\/{rel}","templated":true}]}}