{"id":410,"date":"2011-02-28T21:20:08","date_gmt":"2011-02-28T19:20:08","guid":{"rendered":"http:\/\/www.strelnicesmirice.cz\/?p=410"},"modified":"2011-03-05T16:11:46","modified_gmt":"2011-03-05T14:11:46","slug":"prvnich-jarnich-60","status":"publish","type":"post","link":"https:\/\/strelnicesmirice.cz\/?p=410","title":{"rendered":"Prvn\u00edch jarn\u00edch 60"},"content":{"rendered":"<p>I kdy\u017e n\u011bkte\u0159\u00ed z n\u00e1s je\u0161t\u011b v pln\u00e9 m\u00ed\u0159e holduj\u00ed zimn\u00edm sport\u016fm, Klub st\u0159elc\u016f Smi\u0159ice zahajuje tuto sobotu 5.b\u0159ezna leto\u0161n\u00ed sezonu tradi\u010dn\u00edm m\u00ed\u0159enk\u00e1\u0159sk\u00fdm z\u00e1vodem 30+30. Propozice najdete <a href=\"http:\/\/www.strelnicesmirice.cz\/wp-content\/uploads\/2011\/02\/PROPOZICE30+30.pdf\">zde<\/a>.<\/p>\n<p>Za rekordn\u00ed \u00fa\u010dasti 23 st\u0159elc\u016f prob\u011bhl prvn\u00ed z\u00e1vod 30+30. Blahop\u0159ejeme v\u00edt\u011bzi Jaroslavu Mertl\u00edkovi (Dobru\u0161ka), na druh\u00e9m m\u00edst\u011b byl Vladislav Falta (Hradec Kr\u00e1lov\u00e9), na t\u0159et\u00edm Anton\u00edn Sim\u00e1\u010dek (Poli\u010dka). Celkov\u00e9 v\u00fdsledky <a href=\"http:\/\/www.strelnicesmirice.cz\/wp-content\/uploads\/2011\/02\/Celkem.txt\">zde<\/a>.<\/p>\n<p><a href=\"http:\/\/www.strelnicesmirice.cz\/wp-content\/uploads\/2011\/02\/IMG_6630_1.jpg\"><img loading=\"lazy\" decoding=\"async\" class=\"aligncenter size-medium wp-image-419\" title=\"IMG_6630_1\" src=\"http:\/\/www.strelnicesmirice.cz\/wp-content\/uploads\/2011\/02\/IMG_6630_1-200x300.jpg\" alt=\"\" width=\"200\" height=\"300\" srcset=\"https:\/\/strelnicesmirice.cz\/wp-content\/uploads\/2011\/02\/IMG_6630_1-200x300.jpg 200w, https:\/\/strelnicesmirice.cz\/wp-content\/uploads\/2011\/02\/IMG_6630_1-682x1024.jpg 682w, https:\/\/strelnicesmirice.cz\/wp-content\/uploads\/2011\/02\/IMG_6630_1.jpg 800w\" sizes=\"auto, (max-width: 200px) 100vw, 200px\" \/><\/a><\/p>\n","protected":false},"excerpt":{"rendered":"<p>I kdy\u017e n\u011bkte\u0159\u00ed z n\u00e1s je\u0161t\u011b v pln\u00e9 m\u00ed\u0159e holduj\u00ed zimn\u00edm sport\u016fm, Klub st\u0159elc\u016f Smi\u0159ice zahajuje tuto sobotu 5.b\u0159ezna leto\u0161n\u00ed sezonu tradi\u010dn\u00edm m\u00ed\u0159enk\u00e1\u0159sk\u00fdm z\u00e1vodem 30+30. Propozice najdete zde. Za rekordn\u00ed \u00fa\u010dasti 23 st\u0159elc\u016f prob\u011bhl prvn\u00ed z\u00e1vod 30+30. Blahop\u0159ejeme v\u00edt\u011bzi Jaroslavu &hellip; <a href=\"https:\/\/strelnicesmirice.cz\/?p=410\">Cel\u00fd p\u0159\u00edsp\u011bvek <span class=\"meta-nav\">&rarr;<\/span><\/a><\/p>\n","protected":false},"author":1,"featured_media":0,"comment_status":"open","ping_status":"open","sticky":false,"template":"","format":"standard","meta":{"ngg_post_thumbnail":0,"footnotes":""},"categories":[1],"tags":[],"class_list":["post-410","post","type-post","status-publish","format-standard","hentry","category-uncategorized"],"_links":{"self":[{"href":"https:\/\/strelnicesmirice.cz\/index.php?rest_route=\/wp\/v2\/posts\/410","targetHints":{"allow":["GET"]}}],"collection":[{"href":"https:\/\/strelnicesmirice.cz\/index.php?rest_route=\/wp\/v2\/posts"}],"about":[{"href":"https:\/\/strelnicesmirice.cz\/index.php?rest_route=\/wp\/v2\/types\/post"}],"author":[{"embeddable":true,"href":"https:\/\/strelnicesmirice.cz\/index.php?rest_route=\/wp\/v2\/users\/1"}],"replies":[{"embeddable":true,"href":"https:\/\/strelnicesmirice.cz\/index.php?rest_route=%2Fwp%2Fv2%2Fcomments&post=410"}],"version-history":[{"count":3,"href":"https:\/\/strelnicesmirice.cz\/index.php?rest_route=\/wp\/v2\/posts\/410\/revisions"}],"predecessor-version":[{"id":417,"href":"https:\/\/strelnicesmirice.cz\/index.php?rest_route=\/wp\/v2\/posts\/410\/revisions\/417"}],"wp:attachment":[{"href":"https:\/\/strelnicesmirice.cz\/index.php?rest_route=%2Fwp%2Fv2%2Fmedia&parent=410"}],"wp:term":[{"taxonomy":"category","embeddable":true,"href":"https:\/\/strelnicesmirice.cz\/index.php?rest_route=%2Fwp%2Fv2%2Fcategories&post=410"},{"taxonomy":"post_tag","embeddable":true,"href":"https:\/\/strelnicesmirice.cz\/index.php?rest_route=%2Fwp%2Fv2%2Ftags&post=410"}],"curies":[{"name":"wp","href":"https:\/\/api.w.org\/{rel}","templated":true}]}}