{"id":477,"date":"2011-08-27T16:09:25","date_gmt":"2011-08-27T14:09:25","guid":{"rendered":"http:\/\/www.strelnicesmirice.cz\/?p=477"},"modified":"2011-09-04T20:51:56","modified_gmt":"2011-09-04T18:51:56","slug":"jubilejni-10-rocnik-smirickeho-poharu","status":"publish","type":"post","link":"https:\/\/strelnicesmirice.cz\/?p=477","title":{"rendered":"9. ro\u010dn\u00edk Smi\u0159ick\u00e9ho poh\u00e1ru"},"content":{"rendered":"<p>Tradi\u010dn\u011b prvn\u00ed sobotu v z\u00e1\u0159\u00ed se kon\u00e1l letos\u00a0 ji\u017e 9.ro\u010dn\u00edk\u00a0 Smi\u0159ick\u00e9ho poh\u00e1ru. Na st\u0159elnici bylo p\u0159ipraveno 6 \u00faloh a v bufetu ob\u010derstven\u00ed. Kdo si cht\u011bl pohodov\u011b zast\u0159\u00edlet, byl v\u00edt\u00e1n. Propozice <a href=\"http:\/\/www.strelnicesmirice.cz\/wp-content\/uploads\/2011\/08\/PROPOZICE-SMI%C5%98ICK%C3%9D-POH%C3%81R1.pdf\">zde<\/a><\/p>\n<p>V\u00edt\u011bzem se stal M\u00ed\u0161a \u0160t\u011bp\u00e1n, na druh\u00e9m m\u00edst\u011b byl Radek Jandl ml., t\u0159et\u00ed p\u0159\u00ed\u010dku obsadil Milan Eli\u0161\u00e1k.<\/p>\n<div id='gallery-1' class='gallery galleryid-477 gallery-columns-5 gallery-size-thumbnail'><dl class='gallery-item'>\n\t\t\t<dt class='gallery-icon landscape'>\n\t\t\t\t<a href='https:\/\/strelnicesmirice.cz\/?attachment_id=493'><img loading=\"lazy\" decoding=\"async\" width=\"150\" height=\"150\" src=\"https:\/\/strelnicesmirice.cz\/wp-content\/uploads\/2011\/08\/smiricky-pohar-2011-150x150.jpg\" class=\"attachment-thumbnail size-thumbnail\" alt=\"\" \/><\/a>\n\t\t\t<\/dt><\/dl><dl class='gallery-item'>\n\t\t\t<dt class='gallery-icon landscape'>\n\t\t\t\t<a href='https:\/\/strelnicesmirice.cz\/?attachment_id=494'><img loading=\"lazy\" decoding=\"async\" width=\"150\" height=\"150\" src=\"https:\/\/strelnicesmirice.cz\/wp-content\/uploads\/2011\/08\/smiricky-pohar-20111-150x150.jpg\" class=\"attachment-thumbnail size-thumbnail\" alt=\"\" \/><\/a>\n\t\t\t<\/dt><\/dl>\n\t\t\t<br style='clear: both' \/>\n\t\t<\/div>\n\n<p><a href=\"http:\/\/www.strelnicesmirice.cz\/wp-content\/uploads\/2011\/08\/smiricky-pohar-2011.pdf\">V\u00fdsledky<\/a><\/p>\n","protected":false},"excerpt":{"rendered":"<p>Tradi\u010dn\u011b prvn\u00ed sobotu v z\u00e1\u0159\u00ed se kon\u00e1l letos\u00a0 ji\u017e 9.ro\u010dn\u00edk\u00a0 Smi\u0159ick\u00e9ho poh\u00e1ru. Na st\u0159elnici bylo p\u0159ipraveno 6 \u00faloh a v bufetu ob\u010derstven\u00ed. Kdo si cht\u011bl pohodov\u011b zast\u0159\u00edlet, byl v\u00edt\u00e1n. Propozice zde V\u00edt\u011bzem se stal M\u00ed\u0161a \u0160t\u011bp\u00e1n, na druh\u00e9m m\u00edst\u011b byl &hellip; <a href=\"https:\/\/strelnicesmirice.cz\/?p=477\">Cel\u00fd p\u0159\u00edsp\u011bvek <span class=\"meta-nav\">&rarr;<\/span><\/a><\/p>\n","protected":false},"author":1,"featured_media":0,"comment_status":"open","ping_status":"open","sticky":false,"template":"","format":"standard","meta":{"ngg_post_thumbnail":0,"footnotes":""},"categories":[1],"tags":[],"class_list":["post-477","post","type-post","status-publish","format-standard","hentry","category-uncategorized"],"_links":{"self":[{"href":"https:\/\/strelnicesmirice.cz\/index.php?rest_route=\/wp\/v2\/posts\/477","targetHints":{"allow":["GET"]}}],"collection":[{"href":"https:\/\/strelnicesmirice.cz\/index.php?rest_route=\/wp\/v2\/posts"}],"about":[{"href":"https:\/\/strelnicesmirice.cz\/index.php?rest_route=\/wp\/v2\/types\/post"}],"author":[{"embeddable":true,"href":"https:\/\/strelnicesmirice.cz\/index.php?rest_route=\/wp\/v2\/users\/1"}],"replies":[{"embeddable":true,"href":"https:\/\/strelnicesmirice.cz\/index.php?rest_route=%2Fwp%2Fv2%2Fcomments&post=477"}],"version-history":[{"count":6,"href":"https:\/\/strelnicesmirice.cz\/index.php?rest_route=\/wp\/v2\/posts\/477\/revisions"}],"predecessor-version":[{"id":492,"href":"https:\/\/strelnicesmirice.cz\/index.php?rest_route=\/wp\/v2\/posts\/477\/revisions\/492"}],"wp:attachment":[{"href":"https:\/\/strelnicesmirice.cz\/index.php?rest_route=%2Fwp%2Fv2%2Fmedia&parent=477"}],"wp:term":[{"taxonomy":"category","embeddable":true,"href":"https:\/\/strelnicesmirice.cz\/index.php?rest_route=%2Fwp%2Fv2%2Fcategories&post=477"},{"taxonomy":"post_tag","embeddable":true,"href":"https:\/\/strelnicesmirice.cz\/index.php?rest_route=%2Fwp%2Fv2%2Ftags&post=477"}],"curies":[{"name":"wp","href":"https:\/\/api.w.org\/{rel}","templated":true}]}}