{"id":560,"date":"2012-04-16T20:35:29","date_gmt":"2012-04-16T18:35:29","guid":{"rendered":"http:\/\/www.strelnicesmirice.cz\/?p=560"},"modified":"2012-04-21T20:04:01","modified_gmt":"2012-04-21T18:04:01","slug":"1-kolo-smiricke-strelecke-souteze-2","status":"publish","type":"post","link":"https:\/\/strelnicesmirice.cz\/?p=560","title":{"rendered":"1. kolo Smi\u0159ick\u00e9 st\u0159eleck\u00e9 sout\u011b\u017ee"},"content":{"rendered":"<p>V sobotu 21. dubna zahajil leto\u0161n\u00ed ro\u010dn\u00edk Smi\u0159ick\u00e9 st\u0159eleck\u00e9 sout\u011b\u017ee 1. kolem. I kdy\u017e r\u00e1no to vypadalo na celodenn\u00ed d\u00e9\u0161\u0165, nedopadlo to co do po\u010das\u00ed nejh\u016f\u0159. S celkov\u00fdm po\u010dtem mis\u016f to ji\u017e bylo hor\u0161\u00ed. Celkov\u00e9 v\u00fdsledky jsou <a href=\"http:\/\/www.strelnicesmirice.cz\/wp-content\/uploads\/2012\/04\/Celkem.txt\">zde<\/a>.<\/p>\n<p>V\u00edt\u011bzem 1. kola se stal M\u00ed\u0161a \u0160t\u011bp\u00e1n, na druh\u00e9m m\u00edst\u011b byl Milan Eli\u0161\u00e1k, t\u0159et\u00ed V\u00e1clavMertl\u00edk.<\/p>\n<p>Pro hodnocen\u00ed dal\u0161\u00edch kol se sout\u011b\u017en\u00ed v\u00fdbor\u00a0 usnesl, \u017ee provede zm\u011bnu. Bude hodnocena samostatn\u011b vedle celkov\u00e9ho v\u00edt\u011bze kategorie junior\/juniorka do 20 let, kategorie norm\u00e1l\/regular od 21 do 50 let mu\u017e a zvl\u00e1\u0161\u0165 \u017eena, senior\/ seniorka 51 a\u017e 65 a supersenior nad 66 let. Rozhodujic\u00ed je dovr\u0161en\u00ed hranice v\u011bku v tom roce. Na \u00faprav\u011b vyhodnocovac\u00edho software se ji\u017e pracuje. Jednotliv\u00e9 kategorie budou hodnoceny za podm\u00ednky, \u017ee se jich z\u016f\u010dastn\u00ed minim\u00e1ln\u011b v kole 3 st\u0159elci nebo st\u0159elkyn\u011b.<\/p>\n<p>&nbsp;<\/p>\n<p><a href=\"http:\/\/www.strelnicesmirice.cz\/wp-content\/uploads\/2012\/04\/Sn\u00edmek-0361.jpg\"><img loading=\"lazy\" decoding=\"async\" class=\"alignright size-medium wp-image-576\" title=\"Sn\u00edmek 036\" src=\"http:\/\/www.strelnicesmirice.cz\/wp-content\/uploads\/2012\/04\/Sn\u00edmek-0361-300x225.jpg\" alt=\"\" width=\"300\" height=\"225\" srcset=\"https:\/\/strelnicesmirice.cz\/wp-content\/uploads\/2012\/04\/Sn\u00edmek-0361-300x225.jpg 300w, https:\/\/strelnicesmirice.cz\/wp-content\/uploads\/2012\/04\/Sn\u00edmek-0361.jpg 1024w\" sizes=\"auto, (max-width: 300px) 100vw, 300px\" \/><\/a><a href=\"http:\/\/www.strelnicesmirice.cz\/wp-content\/uploads\/2012\/04\/Sn\u00edmek-0371.jpg\"><img loading=\"lazy\" decoding=\"async\" class=\"alignleft size-medium wp-image-574\" title=\"Sn\u00edmek 037\" src=\"http:\/\/www.strelnicesmirice.cz\/wp-content\/uploads\/2012\/04\/Sn\u00edmek-0371-300x225.jpg\" alt=\"\" width=\"300\" height=\"225\" srcset=\"https:\/\/strelnicesmirice.cz\/wp-content\/uploads\/2012\/04\/Sn\u00edmek-0371-300x225.jpg 300w, https:\/\/strelnicesmirice.cz\/wp-content\/uploads\/2012\/04\/Sn\u00edmek-0371.jpg 1024w\" sizes=\"auto, (max-width: 300px) 100vw, 300px\" \/><\/a><\/p>\n","protected":false},"excerpt":{"rendered":"<p>V sobotu 21. dubna zahajil leto\u0161n\u00ed ro\u010dn\u00edk Smi\u0159ick\u00e9 st\u0159eleck\u00e9 sout\u011b\u017ee 1. kolem. I kdy\u017e r\u00e1no to vypadalo na celodenn\u00ed d\u00e9\u0161\u0165, nedopadlo to co do po\u010das\u00ed nejh\u016f\u0159. S celkov\u00fdm po\u010dtem mis\u016f to ji\u017e bylo hor\u0161\u00ed. Celkov\u00e9 v\u00fdsledky jsou zde. V\u00edt\u011bzem 1. &hellip; <a href=\"https:\/\/strelnicesmirice.cz\/?p=560\">Cel\u00fd p\u0159\u00edsp\u011bvek <span class=\"meta-nav\">&rarr;<\/span><\/a><\/p>\n","protected":false},"author":1,"featured_media":0,"comment_status":"open","ping_status":"open","sticky":false,"template":"","format":"standard","meta":{"ngg_post_thumbnail":0,"footnotes":""},"categories":[1],"tags":[],"class_list":["post-560","post","type-post","status-publish","format-standard","hentry","category-uncategorized"],"_links":{"self":[{"href":"https:\/\/strelnicesmirice.cz\/index.php?rest_route=\/wp\/v2\/posts\/560","targetHints":{"allow":["GET"]}}],"collection":[{"href":"https:\/\/strelnicesmirice.cz\/index.php?rest_route=\/wp\/v2\/posts"}],"about":[{"href":"https:\/\/strelnicesmirice.cz\/index.php?rest_route=\/wp\/v2\/types\/post"}],"author":[{"embeddable":true,"href":"https:\/\/strelnicesmirice.cz\/index.php?rest_route=\/wp\/v2\/users\/1"}],"replies":[{"embeddable":true,"href":"https:\/\/strelnicesmirice.cz\/index.php?rest_route=%2Fwp%2Fv2%2Fcomments&post=560"}],"version-history":[{"count":9,"href":"https:\/\/strelnicesmirice.cz\/index.php?rest_route=\/wp\/v2\/posts\/560\/revisions"}],"predecessor-version":[{"id":577,"href":"https:\/\/strelnicesmirice.cz\/index.php?rest_route=\/wp\/v2\/posts\/560\/revisions\/577"}],"wp:attachment":[{"href":"https:\/\/strelnicesmirice.cz\/index.php?rest_route=%2Fwp%2Fv2%2Fmedia&parent=560"}],"wp:term":[{"taxonomy":"category","embeddable":true,"href":"https:\/\/strelnicesmirice.cz\/index.php?rest_route=%2Fwp%2Fv2%2Fcategories&post=560"},{"taxonomy":"post_tag","embeddable":true,"href":"https:\/\/strelnicesmirice.cz\/index.php?rest_route=%2Fwp%2Fv2%2Ftags&post=560"}],"curies":[{"name":"wp","href":"https:\/\/api.w.org\/{rel}","templated":true}]}}