{"id":633,"date":"2012-10-21T18:36:51","date_gmt":"2012-10-21T16:36:51","guid":{"rendered":"http:\/\/www.strelnicesmirice.cz\/?p=633"},"modified":"2012-10-21T18:44:46","modified_gmt":"2012-10-21T16:44:46","slug":"smiricka-strelecka-soutez-2012-2","status":"publish","type":"post","link":"https:\/\/strelnicesmirice.cz\/?p=633","title":{"rendered":"Smi\u0159ick\u00e1 st\u0159eleck\u00e1 sout\u011b\u017e 2012"},"content":{"rendered":"<p>V sobotu se odst\u0159\u00edlelo 4.kolo leto\u0161n\u00edho ro\u010dn\u00edku. V\u00edt\u011bzem se stal M\u00ed\u0161a \u0160t\u011bp\u00e1n, na druh\u00e9m m\u00edst\u011b Milan Eli\u0161\u00e1k a na t\u0159et\u00edm m\u00edst\u011b Radek Jandl. Podrobn\u00e9 v\u00fdsledky jsou v sekci &#8222;Kalend\u00e1\u0159, propozice, v\u00fdsledky..&#8220;<\/p>\n<p><a href=\"http:\/\/www.strelnicesmirice.cz\/wp-content\/uploads\/2012\/10\/4.kolo-Smi\u0159ice-021.jpg\"><img loading=\"lazy\" decoding=\"async\" class=\"alignleft size-medium wp-image-636\" title=\"\" src=\"http:\/\/www.strelnicesmirice.cz\/wp-content\/uploads\/2012\/10\/4.kolo-Smi\u0159ice-021-300x225.jpg\" alt=\"\" width=\"300\" height=\"225\" srcset=\"https:\/\/strelnicesmirice.cz\/wp-content\/uploads\/2012\/10\/4.kolo-Smi\u0159ice-021-300x225.jpg 300w, https:\/\/strelnicesmirice.cz\/wp-content\/uploads\/2012\/10\/4.kolo-Smi\u0159ice-021-1024x768.jpg 1024w\" sizes=\"auto, (max-width: 300px) 100vw, 300px\" \/><\/a><\/p>\n<p>&nbsp;<\/p>\n<p>&nbsp;<\/p>\n<p>&nbsp;<\/p>\n<p>&nbsp;<\/p>\n<p>&nbsp;<\/p>\n<p>&nbsp;<\/p>\n<p>Z\u00e1rove\u0148 vyhla\u0161ujeme celkov\u00e9 v\u00fdsledky za leto\u0161n\u00ed ro\u010dn\u00edk (sou\u010det t\u0159\u00ed nejlep\u0161\u00edch kol)<\/p>\n<table width=\"345\" border=\"0\" cellspacing=\"0\" cellpadding=\"0\">\n<colgroup>\n<col width=\"18\" \/>\n<col width=\"136\" \/>\n<col span=\"4\" width=\"38\" \/>\n<col width=\"39\" \/> <\/colgroup>\n<tbody>\n<tr>\n<td width=\"18\" height=\"20\"><\/td>\n<td colspan=\"2\" width=\"174\">Smi\u0159ick\u00e1 st\u0159eleck\u00e1 sout\u011b\u017e 2012<\/td>\n<td width=\"38\"><\/td>\n<td width=\"38\"><\/td>\n<td width=\"38\"><\/td>\n<td width=\"39\"><\/td>\n<\/tr>\n<tr>\n<td height=\"20\"><\/td>\n<td><\/td>\n<td>1.kolo<\/td>\n<td>2.kolo<\/td>\n<td>3.kolo<\/td>\n<td>4.kolo<\/td>\n<td>CELKEM<\/td>\n<\/tr>\n<tr>\n<td align=\"right\" height=\"20\">1<\/td>\n<td>Michal\u00a0 \u0160tepan Smi\u0159ice J<\/td>\n<td align=\"right\">100,00<\/td>\n<td><\/td>\n<td align=\"right\">100,00<\/td>\n<td align=\"right\">100,00<\/td>\n<td>300,00<\/td>\n<\/tr>\n<tr>\n<td align=\"right\" height=\"20\">2<\/td>\n<td>Milan Eli\u0161ak Nove Lesy S<\/td>\n<td align=\"right\">76,53<\/td>\n<td align=\"right\">100,00<\/td>\n<td align=\"right\">57,87<\/td>\n<td align=\"right\">77,81<\/td>\n<td>254,34<\/td>\n<\/tr>\n<tr>\n<td align=\"right\" height=\"20\">3<\/td>\n<td>Radek Jandl Smi\u0159ice<\/td>\n<td align=\"right\">55,22<\/td>\n<td align=\"right\">79,56<\/td>\n<td align=\"right\">76,01<\/td>\n<td align=\"right\">73,39<\/td>\n<td>228,96<\/td>\n<\/tr>\n<tr>\n<td align=\"right\" height=\"20\">4<\/td>\n<td>Martin Vohnout Smi\u0159ice S<\/td>\n<td align=\"right\">58,96<\/td>\n<td align=\"right\">89,63<\/td>\n<td align=\"right\">65,27<\/td>\n<td align=\"right\">73,14<\/td>\n<td>228,04<\/td>\n<\/tr>\n<tr>\n<td align=\"right\" height=\"20\">5<\/td>\n<td>V\u00e1clav Mertl\u00edk Dobruska S<\/td>\n<td align=\"right\">67,19<\/td>\n<td align=\"right\">85,41<\/td>\n<td><\/td>\n<td align=\"right\">69,16<\/td>\n<td>221,76<\/td>\n<\/tr>\n<tr>\n<td align=\"right\" height=\"20\">6<\/td>\n<td>Jarosl Mertl\u00edk\u00a0 Dobruska<\/td>\n<td align=\"right\">58,95<\/td>\n<td align=\"right\">81,59<\/td>\n<td><\/td>\n<td align=\"right\">71,50<\/td>\n<td>212,04<\/td>\n<\/tr>\n<tr>\n<td align=\"right\" height=\"20\">7<\/td>\n<td>Milan Fiala Hostinn\u00e9<\/td>\n<td align=\"right\">52,18<\/td>\n<td align=\"right\">77,46<\/td>\n<td align=\"right\">63,74<\/td>\n<td align=\"right\">64,39<\/td>\n<td>205,59<\/td>\n<\/tr>\n<tr>\n<td align=\"right\" height=\"20\">8<\/td>\n<td>Milan Haas Trutnov\u00a0 S<\/td>\n<td align=\"right\">57,17<\/td>\n<td align=\"right\">73,18<\/td>\n<td><\/td>\n<td align=\"right\">70,94<\/td>\n<td>201,29<\/td>\n<\/tr>\n<tr>\n<td align=\"right\" height=\"20\">9<\/td>\n<td>Pavel Kup\u010dik Lev HK S<\/td>\n<td align=\"right\">54,75<\/td>\n<td align=\"right\">79,48<\/td>\n<td><\/td>\n<td align=\"right\">55,46<\/td>\n<td>189,69<\/td>\n<\/tr>\n<tr>\n<td align=\"right\" height=\"20\">10<\/td>\n<td>V\u00e1clav Klime\u0161 Smi\u0159ice S<\/td>\n<td align=\"right\">47,13<\/td>\n<td><\/td>\n<td align=\"right\">49,74<\/td>\n<td align=\"right\">47,25<\/td>\n<td>144,12<\/td>\n<\/tr>\n<tr>\n<td height=\"20\"><\/td>\n<td>Jan \u010cizek<\/td>\n<td align=\"right\">59,88<\/td>\n<td align=\"right\">74,18<\/td>\n<td><\/td>\n<td><\/td>\n<td>134,06<\/td>\n<\/tr>\n<tr>\n<td height=\"20\"><\/td>\n<td>Jan Rous Smirice\u00a0\u00a0 S<\/td>\n<td><\/td>\n<td><\/td>\n<td align=\"right\">51,46<\/td>\n<td align=\"right\">51,92<\/td>\n<td>103,38<\/td>\n<\/tr>\n<tr>\n<td height=\"20\"><\/td>\n<td>P\u0159eml Bul\u00ed\u010dek P\u0159elou\u010d S<\/td>\n<td><\/td>\n<td align=\"right\">86,99<\/td>\n<td><\/td>\n<td><\/td>\n<td>86,99<\/td>\n<\/tr>\n<tr>\n<td height=\"20\"><\/td>\n<td>Jan\u00a0 Herber Rokytnice<\/td>\n<td align=\"right\">64,52<\/td>\n<td><\/td>\n<td><\/td>\n<td><\/td>\n<td>64,52<\/td>\n<\/tr>\n<tr>\n<td height=\"20\"><\/td>\n<td colspan=\"2\">Josef Kub\u00ed\u010dek\u00a0 P\u0159elou\u010d<\/td>\n<td align=\"right\">61,12<\/td>\n<td><\/td>\n<td><\/td>\n<td>61,12<\/td>\n<\/tr>\n<tr>\n<td height=\"20\"><\/td>\n<td colspan=\"2\">\u00a0Lud\u011bk Dlabola<\/td>\n<td><\/td>\n<td><\/td>\n<td align=\"right\">61,01<\/td>\n<td>61,01<\/td>\n<\/tr>\n<tr>\n<td height=\"20\"><\/td>\n<td>Ji\u0159i Postupa Nov\u00e9 Lesy S<\/td>\n<td align=\"right\">45,65<\/td>\n<td><\/td>\n<td><\/td>\n<td><\/td>\n<td>45,65<\/td>\n<\/tr>\n<tr>\n<td height=\"20\"><\/td>\n<td colspan=\"2\">Karel Probo\u0161t N M\u011bsto<\/td>\n<td align=\"right\">45,44<\/td>\n<td><\/td>\n<td><\/td>\n<td>45,44<\/td>\n<\/tr>\n<tr>\n<td height=\"20\"><\/td>\n<td>Jarosl Sm\u00e9kal Smi\u0159ice<\/td>\n<td align=\"right\">32,75<\/td>\n<td><\/td>\n<td><\/td>\n<td><\/td>\n<td>32,75<\/td>\n<\/tr>\n<tr>\n<td height=\"20\"><\/td>\n<td>Mir \u0160\u0165astn\u00fd Pardubice S<\/td>\n<td><\/td>\n<td align=\"right\">24,94<\/td>\n<td><\/td>\n<td><\/td>\n<td>24,94<\/td>\n<\/tr>\n<tr>\n<td height=\"20\"><\/td>\n<td>Tom\u00e1\u0161 Chyba<\/td>\n<td><\/td>\n<td><\/td>\n<td align=\"right\">24,48<\/td>\n<td><\/td>\n<td>24,48<\/td>\n<\/tr>\n<tr>\n<td height=\"20\"><\/td>\n<td>Petr Krej\u010d\u00ed Smirice S<\/td>\n<td><\/td>\n<td><\/td>\n<td align=\"right\">24,27<\/td>\n<td><\/td>\n<td>24,27<\/td>\n<\/tr>\n<tr>\n<td height=\"20\"><\/td>\n<td>Jan Chaloupka Prel\u00a0 SS<\/td>\n<td><\/td>\n<td align=\"right\">9,84<\/td>\n<td><\/td>\n<td><\/td>\n<td>9,84<\/td>\n<\/tr>\n<\/tbody>\n<\/table>\n<p>ke sta\u017een\u00ed <a href=\"http:\/\/www.strelnicesmirice.cz\/wp-content\/uploads\/2012\/10\/sss20121.pdf\">zde<\/a><\/p>\n","protected":false},"excerpt":{"rendered":"<p>V sobotu se odst\u0159\u00edlelo 4.kolo leto\u0161n\u00edho ro\u010dn\u00edku. V\u00edt\u011bzem se stal M\u00ed\u0161a \u0160t\u011bp\u00e1n, na druh\u00e9m m\u00edst\u011b Milan Eli\u0161\u00e1k a na t\u0159et\u00edm m\u00edst\u011b Radek Jandl. Podrobn\u00e9 v\u00fdsledky jsou v sekci &#8222;Kalend\u00e1\u0159, propozice, v\u00fdsledky..&#8220; &nbsp; &nbsp; &nbsp; &nbsp; &nbsp; &nbsp; Z\u00e1rove\u0148 vyhla\u0161ujeme celkov\u00e9 &hellip; <a href=\"https:\/\/strelnicesmirice.cz\/?p=633\">Cel\u00fd p\u0159\u00edsp\u011bvek <span class=\"meta-nav\">&rarr;<\/span><\/a><\/p>\n","protected":false},"author":1,"featured_media":0,"comment_status":"open","ping_status":"open","sticky":false,"template":"","format":"standard","meta":{"ngg_post_thumbnail":0,"footnotes":""},"categories":[1],"tags":[],"class_list":["post-633","post","type-post","status-publish","format-standard","hentry","category-uncategorized"],"_links":{"self":[{"href":"https:\/\/strelnicesmirice.cz\/index.php?rest_route=\/wp\/v2\/posts\/633","targetHints":{"allow":["GET"]}}],"collection":[{"href":"https:\/\/strelnicesmirice.cz\/index.php?rest_route=\/wp\/v2\/posts"}],"about":[{"href":"https:\/\/strelnicesmirice.cz\/index.php?rest_route=\/wp\/v2\/types\/post"}],"author":[{"embeddable":true,"href":"https:\/\/strelnicesmirice.cz\/index.php?rest_route=\/wp\/v2\/users\/1"}],"replies":[{"embeddable":true,"href":"https:\/\/strelnicesmirice.cz\/index.php?rest_route=%2Fwp%2Fv2%2Fcomments&post=633"}],"version-history":[{"count":4,"href":"https:\/\/strelnicesmirice.cz\/index.php?rest_route=\/wp\/v2\/posts\/633\/revisions"}],"predecessor-version":[{"id":639,"href":"https:\/\/strelnicesmirice.cz\/index.php?rest_route=\/wp\/v2\/posts\/633\/revisions\/639"}],"wp:attachment":[{"href":"https:\/\/strelnicesmirice.cz\/index.php?rest_route=%2Fwp%2Fv2%2Fmedia&parent=633"}],"wp:term":[{"taxonomy":"category","embeddable":true,"href":"https:\/\/strelnicesmirice.cz\/index.php?rest_route=%2Fwp%2Fv2%2Fcategories&post=633"},{"taxonomy":"post_tag","embeddable":true,"href":"https:\/\/strelnicesmirice.cz\/index.php?rest_route=%2Fwp%2Fv2%2Ftags&post=633"}],"curies":[{"name":"wp","href":"https:\/\/api.w.org\/{rel}","templated":true}]}}