{"id":674,"date":"2013-05-12T20:20:58","date_gmt":"2013-05-12T18:20:58","guid":{"rendered":"http:\/\/www.strelnicesmirice.cz\/?p=674"},"modified":"2013-05-20T20:33:27","modified_gmt":"2013-05-20T18:33:27","slug":"2-kolo-smiricke-strelecke-souteze-3","status":"publish","type":"post","link":"https:\/\/strelnicesmirice.cz\/?p=674","title":{"rendered":"2.kolo Smi\u0159ick\u00e9 st\u0159eleck\u00e9 sout\u011b\u017ee"},"content":{"rendered":"<p>P\u0159\u00e1tel\u00e9 st\u0159elci,<\/p>\n<p>druh\u00e9 kolo dle kalend\u00e1\u0159e se kon\u00e1\u00a0 v sobotu 18.5.2013. Kdo by si cht\u011bl p\u0159e\u010d\u00edst propozice, m\u016f\u017ee <a href=\"http:\/\/www.strelnicesmirice.cz\/wp-content\/uploads\/2013\/05\/PROPOZICE-2-kolo-13.pdf\">zde<\/a><\/p>\n<p><a href=\"http:\/\/www.strelnicesmirice.cz\/wp-content\/uploads\/2013\/05\/2_kolo.txt\">v\u00fdsledky<\/a><\/p>\n<p><a href=\"http:\/\/www.strelnicesmirice.cz\/wp-content\/uploads\/2013\/05\/Smi\u0159ick\u00e1-st\u0159.-sout\u011b\u017e-2.-kolo-043.jpg\"><img loading=\"lazy\" decoding=\"async\" class=\"alignleft  wp-image-684\" title=\"Absolutn\u00ed po\u0159ad\u00ed zleva: Milan Eli\u0161\u00e1k, Michal \u0160t\u011bp\u00e1n, V\u00e1clav Mertl\u00edk\" src=\"http:\/\/www.strelnicesmirice.cz\/wp-content\/uploads\/2013\/05\/Smi\u0159ick\u00e1-st\u0159.-sout\u011b\u017e-2.-kolo-043.jpg\" alt=\"\" width=\"640\" height=\"480\" srcset=\"https:\/\/strelnicesmirice.cz\/wp-content\/uploads\/2013\/05\/Smi\u0159ick\u00e1-st\u0159.-sout\u011b\u017e-2.-kolo-043.jpg 640w, https:\/\/strelnicesmirice.cz\/wp-content\/uploads\/2013\/05\/Smi\u0159ick\u00e1-st\u0159.-sout\u011b\u017e-2.-kolo-043-300x225.jpg 300w\" sizes=\"auto, (max-width: 640px) 100vw, 640px\" \/><\/a><a href=\"http:\/\/www.strelnicesmirice.cz\/wp-content\/uploads\/2013\/05\/Smi\u0159ick\u00e1-st\u0159.-sout\u011b\u017e-2.-kolo-037.jpg\"><img loading=\"lazy\" decoding=\"async\" class=\"alignleft size-full wp-image-687\" title=\"kategirie senior\u016f\" src=\"http:\/\/www.strelnicesmirice.cz\/wp-content\/uploads\/2013\/05\/Smi\u0159ick\u00e1-st\u0159.-sout\u011b\u017e-2.-kolo-037.jpg\" alt=\"\" width=\"640\" height=\"480\" srcset=\"https:\/\/strelnicesmirice.cz\/wp-content\/uploads\/2013\/05\/Smi\u0159ick\u00e1-st\u0159.-sout\u011b\u017e-2.-kolo-037.jpg 640w, https:\/\/strelnicesmirice.cz\/wp-content\/uploads\/2013\/05\/Smi\u0159ick\u00e1-st\u0159.-sout\u011b\u017e-2.-kolo-037-300x225.jpg 300w\" sizes=\"auto, (max-width: 640px) 100vw, 640px\" \/><\/a><\/p>\n","protected":false},"excerpt":{"rendered":"<p>P\u0159\u00e1tel\u00e9 st\u0159elci, druh\u00e9 kolo dle kalend\u00e1\u0159e se kon\u00e1\u00a0 v sobotu 18.5.2013. Kdo by si cht\u011bl p\u0159e\u010d\u00edst propozice, m\u016f\u017ee zde v\u00fdsledky<\/p>\n","protected":false},"author":1,"featured_media":0,"comment_status":"open","ping_status":"open","sticky":false,"template":"","format":"standard","meta":{"ngg_post_thumbnail":0,"footnotes":""},"categories":[1],"tags":[],"class_list":["post-674","post","type-post","status-publish","format-standard","hentry","category-uncategorized"],"_links":{"self":[{"href":"https:\/\/strelnicesmirice.cz\/index.php?rest_route=\/wp\/v2\/posts\/674","targetHints":{"allow":["GET"]}}],"collection":[{"href":"https:\/\/strelnicesmirice.cz\/index.php?rest_route=\/wp\/v2\/posts"}],"about":[{"href":"https:\/\/strelnicesmirice.cz\/index.php?rest_route=\/wp\/v2\/types\/post"}],"author":[{"embeddable":true,"href":"https:\/\/strelnicesmirice.cz\/index.php?rest_route=\/wp\/v2\/users\/1"}],"replies":[{"embeddable":true,"href":"https:\/\/strelnicesmirice.cz\/index.php?rest_route=%2Fwp%2Fv2%2Fcomments&post=674"}],"version-history":[{"count":5,"href":"https:\/\/strelnicesmirice.cz\/index.php?rest_route=\/wp\/v2\/posts\/674\/revisions"}],"predecessor-version":[{"id":685,"href":"https:\/\/strelnicesmirice.cz\/index.php?rest_route=\/wp\/v2\/posts\/674\/revisions\/685"}],"wp:attachment":[{"href":"https:\/\/strelnicesmirice.cz\/index.php?rest_route=%2Fwp%2Fv2%2Fmedia&parent=674"}],"wp:term":[{"taxonomy":"category","embeddable":true,"href":"https:\/\/strelnicesmirice.cz\/index.php?rest_route=%2Fwp%2Fv2%2Fcategories&post=674"},{"taxonomy":"post_tag","embeddable":true,"href":"https:\/\/strelnicesmirice.cz\/index.php?rest_route=%2Fwp%2Fv2%2Ftags&post=674"}],"curies":[{"name":"wp","href":"https:\/\/api.w.org\/{rel}","templated":true}]}}