{"id":874,"date":"2014-10-18T18:16:23","date_gmt":"2014-10-18T16:16:23","guid":{"rendered":"http:\/\/www.strelnicesmirice.cz\/?p=874"},"modified":"2014-10-18T18:16:23","modified_gmt":"2014-10-18T16:16:23","slug":"4-kolo-smiricke-strelecke-souteze-2014","status":"publish","type":"post","link":"https:\/\/strelnicesmirice.cz\/?p=874","title":{"rendered":"4.kolo Smi\u0159ick\u00e9 st\u0159eleck\u00e9 sout\u011b\u017ee 2014"},"content":{"rendered":"<div id=\"attachment_875\" style=\"width: 315px\" class=\"wp-caption alignnone\"><a href=\"http:\/\/www.strelnicesmirice.cz\/wp-content\/uploads\/2014\/10\/18.10.2014-4.-kolo-Smi\u0159ick\u00e9-st\u0159eleck\u00e9-sout\u011b\u017ee-026.jpg\"><img loading=\"lazy\" decoding=\"async\" aria-describedby=\"caption-attachment-875\" class=\"wp-image-875\" src=\"http:\/\/www.strelnicesmirice.cz\/wp-content\/uploads\/2014\/10\/18.10.2014-4.-kolo-Smi\u0159ick\u00e9-st\u0159eleck\u00e9-sout\u011b\u017ee-026.jpg\" alt=\"18.10.2014 4. kolo Smi\u0159ick\u00e9 st\u0159eleck\u00e9 sout\u011b\u017ee 026\" width=\"305\" height=\"458\" srcset=\"https:\/\/strelnicesmirice.cz\/wp-content\/uploads\/2014\/10\/18.10.2014-4.-kolo-Smi\u0159ick\u00e9-st\u0159eleck\u00e9-sout\u011b\u017ee-026.jpg 533w, https:\/\/strelnicesmirice.cz\/wp-content\/uploads\/2014\/10\/18.10.2014-4.-kolo-Smi\u0159ick\u00e9-st\u0159eleck\u00e9-sout\u011b\u017ee-026-199x300.jpg 199w\" sizes=\"auto, (max-width: 305px) 100vw, 305px\" \/><\/a><p id=\"caption-attachment-875\" class=\"wp-caption-text\">zleva Jaroslav Mertl\u00edk, Vladim\u00edr Fran\u011bk, Milan Eli\u0161\u00e1k<\/p><\/div>\n<p>Posledn\u00edm kolem skon\u010dil leto\u0161n\u00ed ro\u010dn\u00edk Smi\u0159ick\u00e9 sout\u011b\u017ee. V\u00edt\u011bzem se stal vyrovnan\u00fdm v\u00fdkonem Vladim\u00edr Fran\u011bk, t\u011bsn\u011b za n\u00edm byl Jaroslav Mertl\u00edk a na t\u0159et\u00edm m\u00edst\u011b se um\u00edstil Milan Eli\u0161\u00e1k. V\u00fdsledky <a href=\"http:\/\/www.strelnicesmirice.cz\/wp-content\/uploads\/2014\/10\/4_kolo.pdf\">zde<\/a><\/p>\n<p>&nbsp;<\/p>\n<p>&nbsp;<\/p>\n","protected":false},"excerpt":{"rendered":"<p>Posledn\u00edm kolem skon\u010dil leto\u0161n\u00ed ro\u010dn\u00edk Smi\u0159ick\u00e9 sout\u011b\u017ee. V\u00edt\u011bzem se stal vyrovnan\u00fdm v\u00fdkonem Vladim\u00edr Fran\u011bk, t\u011bsn\u011b za n\u00edm byl Jaroslav Mertl\u00edk a na t\u0159et\u00edm m\u00edst\u011b se um\u00edstil Milan Eli\u0161\u00e1k. V\u00fdsledky zde &nbsp; &nbsp;<\/p>\n","protected":false},"author":1,"featured_media":0,"comment_status":"open","ping_status":"open","sticky":false,"template":"","format":"standard","meta":{"ngg_post_thumbnail":0,"footnotes":""},"categories":[1],"tags":[],"class_list":["post-874","post","type-post","status-publish","format-standard","hentry","category-uncategorized"],"_links":{"self":[{"href":"https:\/\/strelnicesmirice.cz\/index.php?rest_route=\/wp\/v2\/posts\/874","targetHints":{"allow":["GET"]}}],"collection":[{"href":"https:\/\/strelnicesmirice.cz\/index.php?rest_route=\/wp\/v2\/posts"}],"about":[{"href":"https:\/\/strelnicesmirice.cz\/index.php?rest_route=\/wp\/v2\/types\/post"}],"author":[{"embeddable":true,"href":"https:\/\/strelnicesmirice.cz\/index.php?rest_route=\/wp\/v2\/users\/1"}],"replies":[{"embeddable":true,"href":"https:\/\/strelnicesmirice.cz\/index.php?rest_route=%2Fwp%2Fv2%2Fcomments&post=874"}],"version-history":[{"count":1,"href":"https:\/\/strelnicesmirice.cz\/index.php?rest_route=\/wp\/v2\/posts\/874\/revisions"}],"predecessor-version":[{"id":877,"href":"https:\/\/strelnicesmirice.cz\/index.php?rest_route=\/wp\/v2\/posts\/874\/revisions\/877"}],"wp:attachment":[{"href":"https:\/\/strelnicesmirice.cz\/index.php?rest_route=%2Fwp%2Fv2%2Fmedia&parent=874"}],"wp:term":[{"taxonomy":"category","embeddable":true,"href":"https:\/\/strelnicesmirice.cz\/index.php?rest_route=%2Fwp%2Fv2%2Fcategories&post=874"},{"taxonomy":"post_tag","embeddable":true,"href":"https:\/\/strelnicesmirice.cz\/index.php?rest_route=%2Fwp%2Fv2%2Ftags&post=874"}],"curies":[{"name":"wp","href":"https:\/\/api.w.org\/{rel}","templated":true}]}}