{"id":947,"date":"2015-06-01T16:02:26","date_gmt":"2015-06-01T14:02:26","guid":{"rendered":"http:\/\/www.strelnicesmirice.cz\/?p=947"},"modified":"2015-06-06T14:16:41","modified_gmt":"2015-06-06T12:16:41","slug":"2-kolo-smiricke-strelecke-souteze-5","status":"publish","type":"post","link":"https:\/\/strelnicesmirice.cz\/?p=947","title":{"rendered":"2. kolo Smi\u0159ick\u00e9 st\u0159eleck\u00e9 sout\u011b\u017ee"},"content":{"rendered":"<p>Jen pro po\u0159\u00e1dek, tuto sobotu 6.6.2015 se kon\u00e1 2. kolo sout\u011b\u017ee. Obvykl\u00e9 propozice najdete na str\u00e1nce kalend\u00e1\u0159e nebo\u00a0<a href=\"http:\/\/www.strelnicesmirice.cz\/wp-content\/uploads\/2010\/07\/PROPOZICE-2-kolo.pdf\">zde<\/a><\/p>\n<p>Kolo prob\u011bhlo ke spokojenosti organiz\u00e1tor\u016f a snad i st\u0159elc\u016f v pohod\u011b a p\u0159\u00e1telsk\u00e9m duchu. Na prvn\u00edm m\u00edst\u011b celkov\u011b byl Milan Fiala, druh\u00fd Milan Eli\u0161\u00e1k na t\u0159et\u00edm m\u00edst\u011b Ji\u0159\u00ed Paska. V\u00fdsledky celkov\u011b a za jednotliv\u00e9 \u00falohy jsou\u00a0<a href=\"http:\/\/www.strelnicesmirice.cz\/wp-content\/uploads\/2010\/07\/Celkem17.txt\">zde<\/a>. St\u0159elec \u010d. 20 Martin Vohnout, kter\u00fd je uveden na 1. m\u00edst\u011b st\u0159\u00edlel mimo sout\u011b\u017e.<a href=\"http:\/\/www.strelnicesmirice.cz\/wp-content\/uploads\/2015\/06\/foto.jpg\"><img loading=\"lazy\" decoding=\"async\" class=\"alignleft size-full wp-image-953\" src=\"http:\/\/www.strelnicesmirice.cz\/wp-content\/uploads\/2015\/06\/foto.jpg\" alt=\"foto\" width=\"2816\" height=\"2112\" srcset=\"https:\/\/strelnicesmirice.cz\/wp-content\/uploads\/2015\/06\/foto.jpg 2816w, https:\/\/strelnicesmirice.cz\/wp-content\/uploads\/2015\/06\/foto-300x225.jpg 300w, https:\/\/strelnicesmirice.cz\/wp-content\/uploads\/2015\/06\/foto-1024x768.jpg 1024w\" sizes=\"auto, (max-width: 2816px) 100vw, 2816px\" \/><\/a><\/p>\n","protected":false},"excerpt":{"rendered":"<p>Jen pro po\u0159\u00e1dek, tuto sobotu 6.6.2015 se kon\u00e1 2. kolo sout\u011b\u017ee. Obvykl\u00e9 propozice najdete na str\u00e1nce kalend\u00e1\u0159e nebo\u00a0zde Kolo prob\u011bhlo ke spokojenosti organiz\u00e1tor\u016f a snad i st\u0159elc\u016f v pohod\u011b a p\u0159\u00e1telsk\u00e9m duchu. Na prvn\u00edm m\u00edst\u011b celkov\u011b byl Milan Fiala, druh\u00fd &hellip; <a href=\"https:\/\/strelnicesmirice.cz\/?p=947\">Cel\u00fd p\u0159\u00edsp\u011bvek <span class=\"meta-nav\">&rarr;<\/span><\/a><\/p>\n","protected":false},"author":1,"featured_media":0,"comment_status":"open","ping_status":"open","sticky":false,"template":"","format":"standard","meta":{"ngg_post_thumbnail":0,"footnotes":""},"categories":[1],"tags":[],"class_list":["post-947","post","type-post","status-publish","format-standard","hentry","category-uncategorized"],"_links":{"self":[{"href":"https:\/\/strelnicesmirice.cz\/index.php?rest_route=\/wp\/v2\/posts\/947","targetHints":{"allow":["GET"]}}],"collection":[{"href":"https:\/\/strelnicesmirice.cz\/index.php?rest_route=\/wp\/v2\/posts"}],"about":[{"href":"https:\/\/strelnicesmirice.cz\/index.php?rest_route=\/wp\/v2\/types\/post"}],"author":[{"embeddable":true,"href":"https:\/\/strelnicesmirice.cz\/index.php?rest_route=\/wp\/v2\/users\/1"}],"replies":[{"embeddable":true,"href":"https:\/\/strelnicesmirice.cz\/index.php?rest_route=%2Fwp%2Fv2%2Fcomments&post=947"}],"version-history":[{"count":3,"href":"https:\/\/strelnicesmirice.cz\/index.php?rest_route=\/wp\/v2\/posts\/947\/revisions"}],"predecessor-version":[{"id":954,"href":"https:\/\/strelnicesmirice.cz\/index.php?rest_route=\/wp\/v2\/posts\/947\/revisions\/954"}],"wp:attachment":[{"href":"https:\/\/strelnicesmirice.cz\/index.php?rest_route=%2Fwp%2Fv2%2Fmedia&parent=947"}],"wp:term":[{"taxonomy":"category","embeddable":true,"href":"https:\/\/strelnicesmirice.cz\/index.php?rest_route=%2Fwp%2Fv2%2Fcategories&post=947"},{"taxonomy":"post_tag","embeddable":true,"href":"https:\/\/strelnicesmirice.cz\/index.php?rest_route=%2Fwp%2Fv2%2Ftags&post=947"}],"curies":[{"name":"wp","href":"https:\/\/api.w.org\/{rel}","templated":true}]}}